{"id":6818,"date":"2026-04-28T09:44:00","date_gmt":"2026-04-28T07:44:00","guid":{"rendered":"https:\/\/www.eoiestepona.org\/web\/?p=6818"},"modified":"2026-04-28T09:49:04","modified_gmt":"2026-04-28T07:49:04","slug":"charla-informativa-en-el-ies-las-vinas","status":"publish","type":"post","link":"https:\/\/www.eoiestepona.org\/web\/charla-informativa-en-el-ies-las-vinas\/","title":{"rendered":"Charla informativa en el IES Las Vi\u00f1as"},"content":{"rendered":"\n<p>El director de la Escuela Oficial de Idiomas de Estepona ha visitado el IES Las Vi\u00f1as para ofrecer una charla informativa dirigida al alumnado, con el objetivo de dar a conocer nuestra oferta educativa de cara al pr\u00f3ximo curso.<\/p>\n\n\n\n<p>Durante el encuentro, se han presentado los idiomas que se imparten en nuestro centro, los niveles disponibles y las ventajas de estudiar en la EOI, como la certificaci\u00f3n oficial, la metodolog\u00eda comunicativa y las oportunidades de participaci\u00f3n en proyectos europeos como Erasmus+.<\/p>\n\n\n\n<p>Adem\u00e1s, se ha informado al alumnado sobre el proceso de admisi\u00f3n, destacando que el plazo de preinscripci\u00f3n se abre este viernes, una excelente oportunidad para incorporarse al aprendizaje de idiomas en un entorno p\u00fablico, accesible y de calidad.<\/p>\n\n\n\n<p>Desde la EOI Estepona agradecemos al IES Las Vi\u00f1as su acogida y el inter\u00e9s mostrado por su alumnado. \u00a1Os esperamos el pr\u00f3ximo curso!<\/p>\n\n\n\n<div style=\"position: relative; width: 100%; height: 0; padding-top: 56.2500%;\n padding-bottom: 0; box-shadow: 0 2px 8px 0 rgba(63,69,81,0.16); margin-top: 1.6em; margin-bottom: 0.9em; overflow: hidden;\n border-radius: 8px; will-change: transform;\">\n  <iframe loading=\"lazy\" style=\"position: absolute; width: 100%; height: 100%; top: 0; left: 0; border: none; padding: 0;margin: 0;\"\n    src=\"https:\/\/www.canva.com\/design\/DAHICvr_hIA\/xc7tmiKUDoVqZkqFIYrY0w\/view?embed\" allowfullscreen=\"allowfullscreen\" allow=\"fullscreen\">\n  <\/iframe>\n<\/div>\n<a href=\"https:&#x2F;&#x2F;www.canva.com&#x2F;design&#x2F;DAHICvr_hIA&#x2F;xc7tmiKUDoVqZkqFIYrY0w&#x2F;view?utm_content=DAHICvr_hIA&amp;utm_campaign=designshare&amp;utm_medium=embeds&amp;utm_source=link\" target=\"_blank\" rel=\"noopener\">Charla EOI Estepona: Pasaporte al Mundo<\/a> by JUAN ANTONIO ORTIZ CANTOS\n","protected":false},"excerpt":{"rendered":"<p>El director de la Escuela Oficial de Idiomas de Estepona ha visitado el IES Las Vi\u00f1as para ofrecer una charla informativa dirigida al alumnado, con el objetivo de dar a &#8230;<\/p>\n","protected":false},"author":2,"featured_media":5689,"comment_status":"closed","ping_status":"closed","sticky":false,"template":"","format":"standard","meta":{"footnotes":""},"categories":[1],"tags":[],"class_list":["post-6818","post","type-post","status-publish","format-standard","has-post-thumbnail","hentry","category-sin-categoria"],"_links":{"self":[{"href":"https:\/\/www.eoiestepona.org\/web\/wp-json\/wp\/v2\/posts\/6818","targetHints":{"allow":["GET"]}}],"collection":[{"href":"https:\/\/www.eoiestepona.org\/web\/wp-json\/wp\/v2\/posts"}],"about":[{"href":"https:\/\/www.eoiestepona.org\/web\/wp-json\/wp\/v2\/types\/post"}],"author":[{"embeddable":true,"href":"https:\/\/www.eoiestepona.org\/web\/wp-json\/wp\/v2\/users\/2"}],"replies":[{"embeddable":true,"href":"https:\/\/www.eoiestepona.org\/web\/wp-json\/wp\/v2\/comments?post=6818"}],"version-history":[{"count":1,"href":"https:\/\/www.eoiestepona.org\/web\/wp-json\/wp\/v2\/posts\/6818\/revisions"}],"predecessor-version":[{"id":6819,"href":"https:\/\/www.eoiestepona.org\/web\/wp-json\/wp\/v2\/posts\/6818\/revisions\/6819"}],"wp:featuredmedia":[{"embeddable":true,"href":"https:\/\/www.eoiestepona.org\/web\/wp-json\/wp\/v2\/media\/5689"}],"wp:attachment":[{"href":"https:\/\/www.eoiestepona.org\/web\/wp-json\/wp\/v2\/media?parent=6818"}],"wp:term":[{"taxonomy":"category","embeddable":true,"href":"https:\/\/www.eoiestepona.org\/web\/wp-json\/wp\/v2\/categories?post=6818"},{"taxonomy":"post_tag","embeddable":true,"href":"https:\/\/www.eoiestepona.org\/web\/wp-json\/wp\/v2\/tags?post=6818"}],"curies":[{"name":"wp","href":"https:\/\/api.w.org\/{rel}","templated":true}]}}