{"id":6820,"date":"2026-04-28T14:38:47","date_gmt":"2026-04-28T12:38:47","guid":{"rendered":"https:\/\/www.eoiestepona.org\/web\/?p=6820"},"modified":"2026-04-28T14:38:47","modified_gmt":"2026-04-28T12:38:47","slug":"nueva-movilidad-erasmus-en-la-eoi-estepona","status":"publish","type":"post","link":"https:\/\/www.eoiestepona.org\/web\/nueva-movilidad-erasmus-en-la-eoi-estepona\/","title":{"rendered":"\u00a1Nueva movilidad Erasmus+ en la EOI Estepona!"},"content":{"rendered":"\n<p>Nuestro compa\u00f1ero Agust\u00edn Cort\u00e9s se encuentra en Dubl\u00edn participando en el curso AI-Enhanced Learning Experiences, que se celebra del 27 de abril al 2 de mayo de 2026 \ud83c\uddee\ud83c\uddea\ud83e\udd16<br>Una experiencia formativa internacional centrada en la aplicaci\u00f3n de la Inteligencia Artificial en la educaci\u00f3n, que sin duda aportar\u00e1 nuevas ideas y enfoques innovadores a nuestro centro.<br>\ud83d\ude80 \u00a1Esto no ha hecho nada m\u00e1s que empezar!<\/p>\n\n\n\n<figure class=\"wp-block-image size-large\"><img loading=\"lazy\" decoding=\"async\" width=\"1024\" height=\"1024\" src=\"https:\/\/www.eoiestepona.org\/web\/wp-content\/uploads\/2026\/04\/WhatsApp-Image-2026-04-28-at-14.36.36-1024x1024.jpeg\" alt=\"\" class=\"wp-image-6821\" srcset=\"https:\/\/www.eoiestepona.org\/web\/wp-content\/uploads\/2026\/04\/WhatsApp-Image-2026-04-28-at-14.36.36-1024x1024.jpeg 1024w, https:\/\/www.eoiestepona.org\/web\/wp-content\/uploads\/2026\/04\/WhatsApp-Image-2026-04-28-at-14.36.36-300x300.jpeg 300w, https:\/\/www.eoiestepona.org\/web\/wp-content\/uploads\/2026\/04\/WhatsApp-Image-2026-04-28-at-14.36.36-150x150.jpeg 150w, https:\/\/www.eoiestepona.org\/web\/wp-content\/uploads\/2026\/04\/WhatsApp-Image-2026-04-28-at-14.36.36-768x768.jpeg 768w, https:\/\/www.eoiestepona.org\/web\/wp-content\/uploads\/2026\/04\/WhatsApp-Image-2026-04-28-at-14.36.36-1536x1536.jpeg 1536w, https:\/\/www.eoiestepona.org\/web\/wp-content\/uploads\/2026\/04\/WhatsApp-Image-2026-04-28-at-14.36.36.jpeg 2048w\" sizes=\"auto, (max-width: 1024px) 100vw, 1024px\" \/><\/figure>\n","protected":false},"excerpt":{"rendered":"<p>Nuestro compa\u00f1ero Agust\u00edn Cort\u00e9s se encuentra en Dubl\u00edn participando en el curso AI-Enhanced Learning Experiences, que se celebra del 27 de abril al 2 de mayo de 2026 \ud83c\uddee\ud83c\uddea\ud83e\udd16Una experiencia &#8230;<\/p>\n","protected":false},"author":2,"featured_media":6821,"comment_status":"closed","ping_status":"closed","sticky":false,"template":"","format":"standard","meta":{"footnotes":""},"categories":[40,19],"tags":[],"class_list":["post-6820","post","type-post","status-publish","format-standard","has-post-thumbnail","hentry","category-erasmus","category-la-escuela"],"_links":{"self":[{"href":"https:\/\/www.eoiestepona.org\/web\/wp-json\/wp\/v2\/posts\/6820","targetHints":{"allow":["GET"]}}],"collection":[{"href":"https:\/\/www.eoiestepona.org\/web\/wp-json\/wp\/v2\/posts"}],"about":[{"href":"https:\/\/www.eoiestepona.org\/web\/wp-json\/wp\/v2\/types\/post"}],"author":[{"embeddable":true,"href":"https:\/\/www.eoiestepona.org\/web\/wp-json\/wp\/v2\/users\/2"}],"replies":[{"embeddable":true,"href":"https:\/\/www.eoiestepona.org\/web\/wp-json\/wp\/v2\/comments?post=6820"}],"version-history":[{"count":1,"href":"https:\/\/www.eoiestepona.org\/web\/wp-json\/wp\/v2\/posts\/6820\/revisions"}],"predecessor-version":[{"id":6822,"href":"https:\/\/www.eoiestepona.org\/web\/wp-json\/wp\/v2\/posts\/6820\/revisions\/6822"}],"wp:featuredmedia":[{"embeddable":true,"href":"https:\/\/www.eoiestepona.org\/web\/wp-json\/wp\/v2\/media\/6821"}],"wp:attachment":[{"href":"https:\/\/www.eoiestepona.org\/web\/wp-json\/wp\/v2\/media?parent=6820"}],"wp:term":[{"taxonomy":"category","embeddable":true,"href":"https:\/\/www.eoiestepona.org\/web\/wp-json\/wp\/v2\/categories?post=6820"},{"taxonomy":"post_tag","embeddable":true,"href":"https:\/\/www.eoiestepona.org\/web\/wp-json\/wp\/v2\/tags?post=6820"}],"curies":[{"name":"wp","href":"https:\/\/api.w.org\/{rel}","templated":true}]}}