{"id":6823,"date":"2026-04-29T18:23:57","date_gmt":"2026-04-29T16:23:57","guid":{"rendered":"https:\/\/www.eoiestepona.org\/web\/?p=6823"},"modified":"2026-04-29T18:45:41","modified_gmt":"2026-04-29T16:45:41","slug":"abierto-el-plazo-de-preinscripcion-para-el-curso-2026-2027-en-la-eoi-estepona","status":"publish","type":"post","link":"https:\/\/www.eoiestepona.org\/web\/abierto-el-plazo-de-preinscripcion-para-el-curso-2026-2027-en-la-eoi-estepona\/","title":{"rendered":"Abierto el plazo de preinscripci\u00f3n para el curso 2026\/2027 en la EOI Estepona"},"content":{"rendered":"\n<p>La Escuela Oficial de Idiomas de Estepona informa de la apertura del periodo de preinscripci\u00f3n para el pr\u00f3ximo curso acad\u00e9mico <strong>2026\/2027<\/strong>, que permanecer\u00e1 abierto del <strong>1 al 20 de mayo<\/strong>.<\/p>\n\n\n\n<p>Durante este plazo, las personas interesadas podr\u00e1n solicitar plaza en los estudios de <strong>ingl\u00e9s y franc\u00e9s<\/strong>, desde el nivel <strong>A1 hasta C1<\/strong>.<\/p>\n\n\n\n<p>En el caso del ingl\u00e9s, la escuela ofrece la posibilidad de cursar los estudios en <strong>modalidad presencial o semipresencial<\/strong>, facilitando as\u00ed la conciliaci\u00f3n con otras responsabilidades personales y profesionales.<\/p>\n\n\n\n<p>Asimismo, la EOI Estepona cuenta con una oferta de <strong>cursos especiales<\/strong>, entre los que se incluyen:<\/p>\n\n\n\n<ul class=\"wp-block-list\">\n<li><em>Activa tu ingl\u00e9s<\/em> (niveles B1, B2 y C1)<\/li>\n\n\n\n<li>Curso de ingl\u00e9s para <strong>principiantes absolutos<\/strong><\/li>\n<\/ul>\n\n\n\n<p>La EOI Estepona forma parte de la red de centros p\u00fablicos de la <strong>Junta de Andaluc\u00eda<\/strong>, lo que permite ofrecer una ense\u00f1anza de calidad a <strong>precios muy accesibles<\/strong>, con un coste inferior a <strong>82 euros por curso acad\u00e9mico<\/strong>.<\/p>\n\n\n\n<p>Aprender idiomas en un entorno p\u00fablico, con profesorado especializado y una amplia experiencia en la ense\u00f1anza de adultos, es una oportunidad al alcance de todos.<\/p>\n\n\n\n<p>Animamos a todas las personas interesadas a realizar su solicitud dentro del plazo establecido y formar parte de nuestra comunidad educativa.<\/p>\n\n\n\n<p class=\"has-text-align-center has-large-font-size\"><a href=\"https:\/\/www.eoiestepona.org\/web\/preinscripcion\/\"><strong>Solicita tu plaza<\/strong><\/a><\/p>\n\n\n\n<figure class=\"wp-block-gallery has-nested-images columns-default is-cropped wp-block-gallery-1 is-layout-flex wp-block-gallery-is-layout-flex\">\n<figure class=\"wp-block-image size-large\"><img loading=\"lazy\" decoding=\"async\" width=\"724\" height=\"1024\" data-id=\"6824\" src=\"https:\/\/www.eoiestepona.org\/web\/wp-content\/uploads\/2026\/04\/cartel01-724x1024.png\" alt=\"\" class=\"wp-image-6824\" srcset=\"https:\/\/www.eoiestepona.org\/web\/wp-content\/uploads\/2026\/04\/cartel01-724x1024.png 724w, https:\/\/www.eoiestepona.org\/web\/wp-content\/uploads\/2026\/04\/cartel01-212x300.png 212w, https:\/\/www.eoiestepona.org\/web\/wp-content\/uploads\/2026\/04\/cartel01-768x1086.png 768w, https:\/\/www.eoiestepona.org\/web\/wp-content\/uploads\/2026\/04\/cartel01-1086x1536.png 1086w, https:\/\/www.eoiestepona.org\/web\/wp-content\/uploads\/2026\/04\/cartel01-1448x2048.png 1448w, https:\/\/www.eoiestepona.org\/web\/wp-content\/uploads\/2026\/04\/cartel01.png 1587w\" sizes=\"auto, (max-width: 724px) 100vw, 724px\" \/><\/figure>\n\n\n\n<figure class=\"wp-block-image size-large\"><img loading=\"lazy\" decoding=\"async\" width=\"724\" height=\"1024\" data-id=\"6825\" src=\"https:\/\/www.eoiestepona.org\/web\/wp-content\/uploads\/2026\/04\/activa-724x1024.png\" alt=\"\" class=\"wp-image-6825\" srcset=\"https:\/\/www.eoiestepona.org\/web\/wp-content\/uploads\/2026\/04\/activa-724x1024.png 724w, https:\/\/www.eoiestepona.org\/web\/wp-content\/uploads\/2026\/04\/activa-212x300.png 212w, https:\/\/www.eoiestepona.org\/web\/wp-content\/uploads\/2026\/04\/activa-768x1086.png 768w, https:\/\/www.eoiestepona.org\/web\/wp-content\/uploads\/2026\/04\/activa-1086x1536.png 1086w, https:\/\/www.eoiestepona.org\/web\/wp-content\/uploads\/2026\/04\/activa.png 1414w\" sizes=\"auto, (max-width: 724px) 100vw, 724px\" \/><\/figure>\n<\/figure>\n","protected":false},"excerpt":{"rendered":"<p>La Escuela Oficial de Idiomas de Estepona informa de la apertura del periodo de preinscripci\u00f3n para el pr\u00f3ximo curso acad\u00e9mico 2026\/2027, que permanecer\u00e1 abierto del 1 al 20 de mayo. &#8230;<\/p>\n","protected":false},"author":2,"featured_media":6824,"comment_status":"closed","ping_status":"closed","sticky":false,"template":"","format":"standard","meta":{"footnotes":""},"categories":[19],"tags":[],"class_list":["post-6823","post","type-post","status-publish","format-standard","has-post-thumbnail","hentry","category-la-escuela"],"_links":{"self":[{"href":"https:\/\/www.eoiestepona.org\/web\/wp-json\/wp\/v2\/posts\/6823","targetHints":{"allow":["GET"]}}],"collection":[{"href":"https:\/\/www.eoiestepona.org\/web\/wp-json\/wp\/v2\/posts"}],"about":[{"href":"https:\/\/www.eoiestepona.org\/web\/wp-json\/wp\/v2\/types\/post"}],"author":[{"embeddable":true,"href":"https:\/\/www.eoiestepona.org\/web\/wp-json\/wp\/v2\/users\/2"}],"replies":[{"embeddable":true,"href":"https:\/\/www.eoiestepona.org\/web\/wp-json\/wp\/v2\/comments?post=6823"}],"version-history":[{"count":1,"href":"https:\/\/www.eoiestepona.org\/web\/wp-json\/wp\/v2\/posts\/6823\/revisions"}],"predecessor-version":[{"id":6826,"href":"https:\/\/www.eoiestepona.org\/web\/wp-json\/wp\/v2\/posts\/6823\/revisions\/6826"}],"wp:featuredmedia":[{"embeddable":true,"href":"https:\/\/www.eoiestepona.org\/web\/wp-json\/wp\/v2\/media\/6824"}],"wp:attachment":[{"href":"https:\/\/www.eoiestepona.org\/web\/wp-json\/wp\/v2\/media?parent=6823"}],"wp:term":[{"taxonomy":"category","embeddable":true,"href":"https:\/\/www.eoiestepona.org\/web\/wp-json\/wp\/v2\/categories?post=6823"},{"taxonomy":"post_tag","embeddable":true,"href":"https:\/\/www.eoiestepona.org\/web\/wp-json\/wp\/v2\/tags?post=6823"}],"curies":[{"name":"wp","href":"https:\/\/api.w.org\/{rel}","templated":true}]}}